{"id":4070,"date":"2025-10-15T10:39:41","date_gmt":"2025-10-15T08:39:41","guid":{"rendered":"http:\/\/www.apid.to.it\/?p=4070"},"modified":"2025-10-15T10:39:41","modified_gmt":"2025-10-15T08:39:41","slug":"progetto-g-e-n-e-r-e-guida-efficace-per-la-navigazione-dellequita-di-genere-nelle-pmi-partenza-prevista-il-23-ottobre-2025","status":"publish","type":"post","link":"https:\/\/www.apid.to.it\/index.php\/2025\/10\/15\/progetto-g-e-n-e-r-e-guida-efficace-per-la-navigazione-dellequita-di-genere-nelle-pmi-partenza-prevista-il-23-ottobre-2025\/","title":{"rendered":"Progetto &#8220;G.E.N.E.R.E.: Guida efficace per la navigazione dell&#8217;equit\u00e0 di genere nelle PMI&#8221; &#8211; partenza prevista il 23 Ottobre 2025"},"content":{"rendered":"<p><em>Sar\u00e0 in partenza il prossimo 23 Ottobre 2025 in modalit\u00e0 ibrida (presenza e da remoto) il nuovo progetto &#8220;G.E.N.E.R.E: Guida efficace per la navigazione dell&#8217;equit\u00e0 di genere nelle PMI&#8221; con il contributo della Camera di Commercio di Torino &#8211; CUP J18C25000560003<\/em><\/p>\n<p>Il percorso formativo dedicato al personale e alle figure aziendali tratter\u00e0 delle principali tematiche legate al concetto di parit\u00e0 di genere e di imprenditorialit\u00e0 femminile sottoforma di corsi seminariali e\/o laboratoriali con cadenza mensile e della durata complessiva di 52 ore (circa 2 incontri al mese di 4 ore ciascuno)<\/p>\n<p>Verr\u00e0 trattata in modalit\u00e0 approfondita la questione della &#8220;Certificazione UNI\/PdR 125:2022, procedura di certificazione sviluppata dall&#8217;UNI &#8211; Ente Nazionale Italiano di Unificazione &#8211; che mira a promuovere l&#8217;uguaglianza di genere all&#8217;interno delle organizzazioni, favorendo politiche aziendali inclusive e garantendo che le imprese rispettino determinati standard per prevenire discriminazioni di genere e promuovere quindi la parit\u00e0, ma non solo.<\/p>\n<p>Leadership inclusiva, welfare aziendale conforme alle politiche sulla parit\u00e0 di genere ed empowerment femminile a livello aziendale saranno altri temi che saranno previsti e sviluppati durante gli incontri formativi.<\/p>\n<p>Il progetto preveder\u00e0 inoltre, al termine della formazione, anche un focus di approfondimento su temi cruciali quali la valorizzazione dei talenti, il monitoraggio dei comportamenti e del linguaggio e la progettazione di percorsi di carriera solidi e di lungo periodo, a reciproco beneficio dell&#8217;azienda e dei lavoratori.<\/p>\n<p>Qualora si avesse interesse alla partecipazione, o semplicemente si volessero altre informazioni a riguardo, sar\u00e0 sufficiente inviare una mail al seguente indirizzo di posta elettronica: info@apid.to.it<\/p>\n","protected":false},"excerpt":{"rendered":"<p>Sar\u00e0 in partenza il prossimo 23 Ottobre 2025 in modalit\u00e0 ibrida (presenza e da remoto) il nuovo [&hellip;]<\/p>\n","protected":false},"author":1,"featured_media":4072,"comment_status":"open","ping_status":"open","sticky":false,"template":"","format":"standard","meta":[],"categories":[103],"tags":[161,160,158,156,162,157,159,163],"_links":{"self":[{"href":"https:\/\/www.apid.to.it\/index.php\/wp-json\/wp\/v2\/posts\/4070"}],"collection":[{"href":"https:\/\/www.apid.to.it\/index.php\/wp-json\/wp\/v2\/posts"}],"about":[{"href":"https:\/\/www.apid.to.it\/index.php\/wp-json\/wp\/v2\/types\/post"}],"author":[{"embeddable":true,"href":"https:\/\/www.apid.to.it\/index.php\/wp-json\/wp\/v2\/users\/1"}],"replies":[{"embeddable":true,"href":"https:\/\/www.apid.to.it\/index.php\/wp-json\/wp\/v2\/comments?post=4070"}],"version-history":[{"count":1,"href":"https:\/\/www.apid.to.it\/index.php\/wp-json\/wp\/v2\/posts\/4070\/revisions"}],"predecessor-version":[{"id":4074,"href":"https:\/\/www.apid.to.it\/index.php\/wp-json\/wp\/v2\/posts\/4070\/revisions\/4074"}],"wp:featuredmedia":[{"embeddable":true,"href":"https:\/\/www.apid.to.it\/index.php\/wp-json\/wp\/v2\/media\/4072"}],"wp:attachment":[{"href":"https:\/\/www.apid.to.it\/index.php\/wp-json\/wp\/v2\/media?parent=4070"}],"wp:term":[{"taxonomy":"category","embeddable":true,"href":"https:\/\/www.apid.to.it\/index.php\/wp-json\/wp\/v2\/categories?post=4070"},{"taxonomy":"post_tag","embeddable":true,"href":"https:\/\/www.apid.to.it\/index.php\/wp-json\/wp\/v2\/tags?post=4070"}],"curies":[{"name":"wp","href":"https:\/\/api.w.org\/{rel}","templated":true}]}}