{"id":4076,"date":"2025-10-23T12:10:06","date_gmt":"2025-10-23T10:10:06","guid":{"rendered":"http:\/\/www.apid.to.it\/?p=4076"},"modified":"2025-10-23T12:15:00","modified_gmt":"2025-10-23T10:15:00","slug":"festival-women-the-city","status":"publish","type":"post","link":"https:\/\/www.apid.to.it\/index.php\/2025\/10\/23\/festival-women-the-city\/","title":{"rendered":"Festival Women &#038; the City"},"content":{"rendered":"<p><em>E&#8217; ormai alla Terza Edizione il Festival Women &amp; the City, festival dedicato alla parit\u00e0 di genere, in programma fino al 26 Ottobre prossimo.<\/em><\/p>\n<p>Il Festival &#8220;Women &amp; the City&#8221; \u00e8 uno spazio che immagina citt\u00e0 pi\u00f9 giuste, inclusive, sostenibili e accessibili, per chi vuole cambiare prospettiva, fare rete e agire.<\/p>\n<p>E&#8217; un festival diffuso che parla alla Citt\u00e0 e con la Citt\u00e0, accogliendo voci diverse: chi lavora nella scuola e nelle imprese, chi si occupa di cultura, chi prende decisioni, chi racconta storie.<\/p>\n<p>In programma a partire dal 22 Ottobre ci saranno incontri, laboratori, dialoghi, talks, esibizioni, spettacoli, momenti di scambio ed ascolto con personalit\u00e0 provenienti da realt\u00e0 differenti e che parteciperanno a quattro tavoli tematici &#8211; aziende, scuola e violenza di genere, prevenzione e medicina di genere.<\/p>\n<p>In particolare, si mette in evidenza la giornata di Venerd\u00ec 24 Ottobre prossimo, occasione di presentazione del &#8220;Bilancio di Genere diffuso&#8221; &#8211; studio realizzato dal Politecnico di Torino in collaborazione con Torino Citt\u00e0 per le Donne e di restituzione e di scambio tra le organizzazioni che hanno contribuito al documento.<\/p>\n<p>La tavola rotonda si svolger\u00e0 presso la Sala Grande del Circolo dei Lettori &#8211; Via Giambattista Bogino 9 &#8211; Torino<\/p>\n<p>Link al programma completo della giornata: \u00a0<a href=\"https:\/\/www.womenandthecity.it\/programma-festival-torino-24-ottobre\" target=\"_blank\" rel=\"noopener noreferrer\">Programma Festival Torino_24 ottobre<\/a><\/p>\n","protected":false},"excerpt":{"rendered":"<p>E&#8217; ormai alla Terza Edizione il Festival Women &amp; the City, festival dedicato alla parit\u00e0 di genere, [&hellip;]<\/p>\n","protected":false},"author":1,"featured_media":4078,"comment_status":"open","ping_status":"open","sticky":false,"template":"","format":"standard","meta":[],"categories":[103],"tags":[164,165,157,167,166],"_links":{"self":[{"href":"https:\/\/www.apid.to.it\/index.php\/wp-json\/wp\/v2\/posts\/4076"}],"collection":[{"href":"https:\/\/www.apid.to.it\/index.php\/wp-json\/wp\/v2\/posts"}],"about":[{"href":"https:\/\/www.apid.to.it\/index.php\/wp-json\/wp\/v2\/types\/post"}],"author":[{"embeddable":true,"href":"https:\/\/www.apid.to.it\/index.php\/wp-json\/wp\/v2\/users\/1"}],"replies":[{"embeddable":true,"href":"https:\/\/www.apid.to.it\/index.php\/wp-json\/wp\/v2\/comments?post=4076"}],"version-history":[{"count":1,"href":"https:\/\/www.apid.to.it\/index.php\/wp-json\/wp\/v2\/posts\/4076\/revisions"}],"predecessor-version":[{"id":4079,"href":"https:\/\/www.apid.to.it\/index.php\/wp-json\/wp\/v2\/posts\/4076\/revisions\/4079"}],"wp:featuredmedia":[{"embeddable":true,"href":"https:\/\/www.apid.to.it\/index.php\/wp-json\/wp\/v2\/media\/4078"}],"wp:attachment":[{"href":"https:\/\/www.apid.to.it\/index.php\/wp-json\/wp\/v2\/media?parent=4076"}],"wp:term":[{"taxonomy":"category","embeddable":true,"href":"https:\/\/www.apid.to.it\/index.php\/wp-json\/wp\/v2\/categories?post=4076"},{"taxonomy":"post_tag","embeddable":true,"href":"https:\/\/www.apid.to.it\/index.php\/wp-json\/wp\/v2\/tags?post=4076"}],"curies":[{"name":"wp","href":"https:\/\/api.w.org\/{rel}","templated":true}]}}